{"id":1665,"date":"2021-10-04T09:00:00","date_gmt":"2021-10-04T13:00:00","guid":{"rendered":"https:\/\/ecomatiquefwi.fr\/?p=1665"},"modified":"2021-10-02T14:28:46","modified_gmt":"2021-10-02T18:28:46","slug":"windows-11-arrive-mise-a-jour","status":"publish","type":"post","link":"https:\/\/ecomatiquefwi.fr\/?p=1665","title":{"rendered":"Windows 11 arrive (Mise \u00e0 jour) !"},"content":{"rendered":"\n<figure class=\"wp-block-image\" id=\"block-145c58fa-9e3e-412b-a93b-a6789e3a58b9\"><img decoding=\"async\" src=\"https:\/\/ecomatiquefwi.fr\/wp-content\/uploads\/2021\/09\/Windows-11x-1024x576.jpg\" alt=\"L\u2019attribut alt de cette image est vide, son nom de fichier est Windows-11x-1024x576.jpg.\"\/><\/figure>\n\n\n\n<p class=\"has-text-align-center\" id=\"block-13072be5-8d28-46c5-ae62-71b45737bc56\">Image Officielle Windows 11 \u00a9 <a href=\"https:\/\/www.microsoft.com\/fr-fr\/windows\/windows-11\">Site de Microsoft<\/a><\/p>\n\n\n\n<p>Comme je vous l&rsquo;annon\u00e7ais il y a de cela quelques mois, Windows 11 arrive&#8230; et sera disponible d\u00e8s la semaine prochaine !<\/p>\n\n\n\n<p>En effet, Microsoft va publier la mise \u00e0 jour correspondant \u00e0 Windows 11 , Mardi 5 Octobre.  Bienvenue \u00e0 la nouvelle interface graphique, \u00e0 la bare des t\u00e2ches centr\u00e9e , aux applications revues en design et en performances. Cependant , cette mise \u00e0 jour ne sera pas fluide pour tout le monde : Les utilisateurs de Windows en verison test peuvent d\u00e9j\u00e0 le t\u00e9l\u00e9charger , tandis que les utilisateurs standards devront peut \u00eatre effectuer une mise \u00e0 jour manuelle pour l&rsquo;avoir. Sinon , il ne se rendra disponible que 2 semaines environ apr\u00e8s sa sortie officielle.. ce qui n&rsquo;est pas forc\u00e9meent une mauvaise chose.<\/p>\n\n\n\n<p>Les plus aventureux d&rsquo;entre vous pourront d\u00e9j\u00e0 prendre en main l&rsquo;outil , exp\u00e9rimenter des pannes \u00e9ventuelles et les signaler.<\/p>\n\n\n\n<p>Les plus prudents eux , auront attendu le retour des utilisateurs plus exp\u00e9riment\u00e9s pour savoir s&rsquo;ils passent \u00e0 Windows 11 , ou pas \ud83d\ude09<\/p>\n\n\n\n<p><\/p>\n\n\n\n<p>Alors vous serez dans quel camp ?<\/p>\n\n\n\n<p>Pour un article qui va plus en profondeur , visitez : <a rel=\"noreferrer noopener\" target=\"_blank\" href=\"https:\/\/www.phonandroid.com\/microsoft-windows-11-nouveautes-date-de-sortie-tout-savoir.html\">https:\/\/www.phonandroid.com\/microsoft-windows-11-nouveautes-date-de-sortie-tout-savoir.html<\/a><\/p>\n\n\n\n<p>Pour aller \u00e0 la source , c&rsquo;est par ici !<br><a href=\"https:\/\/www.frandroid.com\/os\/windows\/1083601_comptez-vous-installer-windows-11-des-mardi-a-sa-sortie\">https:\/\/www.frandroid.com\/os\/windows\/1083601_comptez-vous-installer-windows-11-des-mardi-a-sa-sortie<\/a><\/p>\n\n\n\n<p><em>Si cet article vous a \u00e9t\u00e9 utile , n&rsquo;h\u00e9sitez pas \u00e0 vous abonner \u00e0 ma page Instagram , @ecomatiquefwi<\/em> !<\/p>\n","protected":false},"excerpt":{"rendered":"<p>Image Officielle Windows 11 \u00a9 Site de Microsoft Comme je vous l&rsquo;annon\u00e7ais il y a de cela quelques mois, Windows 11 arrive&#8230; et sera disponible d\u00e8s la semaine prochaine ! &#8230;<\/p>\n","protected":false},"author":1,"featured_media":1655,"comment_status":"open","ping_status":"open","sticky":true,"template":"","format":"standard","meta":{"_monsterinsights_skip_tracking":false,"_monsterinsights_sitenote_active":false,"_monsterinsights_sitenote_note":"","_monsterinsights_sitenote_category":0,"footnotes":""},"categories":[23],"tags":[],"class_list":["post-1665","post","type-post","status-publish","format-standard","has-post-thumbnail","hentry","category-windows"],"_links":{"self":[{"href":"https:\/\/ecomatiquefwi.fr\/index.php?rest_route=\/wp\/v2\/posts\/1665","targetHints":{"allow":["GET"]}}],"collection":[{"href":"https:\/\/ecomatiquefwi.fr\/index.php?rest_route=\/wp\/v2\/posts"}],"about":[{"href":"https:\/\/ecomatiquefwi.fr\/index.php?rest_route=\/wp\/v2\/types\/post"}],"author":[{"embeddable":true,"href":"https:\/\/ecomatiquefwi.fr\/index.php?rest_route=\/wp\/v2\/users\/1"}],"replies":[{"embeddable":true,"href":"https:\/\/ecomatiquefwi.fr\/index.php?rest_route=%2Fwp%2Fv2%2Fcomments&post=1665"}],"version-history":[{"count":1,"href":"https:\/\/ecomatiquefwi.fr\/index.php?rest_route=\/wp\/v2\/posts\/1665\/revisions"}],"predecessor-version":[{"id":1667,"href":"https:\/\/ecomatiquefwi.fr\/index.php?rest_route=\/wp\/v2\/posts\/1665\/revisions\/1667"}],"wp:featuredmedia":[{"embeddable":true,"href":"https:\/\/ecomatiquefwi.fr\/index.php?rest_route=\/wp\/v2\/media\/1655"}],"wp:attachment":[{"href":"https:\/\/ecomatiquefwi.fr\/index.php?rest_route=%2Fwp%2Fv2%2Fmedia&parent=1665"}],"wp:term":[{"taxonomy":"category","embeddable":true,"href":"https:\/\/ecomatiquefwi.fr\/index.php?rest_route=%2Fwp%2Fv2%2Fcategories&post=1665"},{"taxonomy":"post_tag","embeddable":true,"href":"https:\/\/ecomatiquefwi.fr\/index.php?rest_route=%2Fwp%2Fv2%2Ftags&post=1665"}],"curies":[{"name":"wp","href":"https:\/\/api.w.org\/{rel}","templated":true}]}}